{"id":1291,"date":"2024-08-01T15:21:20","date_gmt":"2024-08-01T13:21:20","guid":{"rendered":"https:\/\/gul-langenau.de\/?p=1291"},"modified":"2024-08-01T15:28:52","modified_gmt":"2024-08-01T13:28:52","slug":"erste-gemeinderatsitzung-am-25-07-2024","status":"publish","type":"post","link":"https:\/\/gul-langenau.de\/?p=1291","title":{"rendered":"Erste Gemeinderatsitzung am 25.07.2024"},"content":{"rendered":"\n<p class=\"has-medium-font-size\"><strong>Roland Riedlinger ist erster Stellvertreter der B\u00fcrgermeisterin.<\/strong><\/p>\n\n\n\n<p><\/p>\n\n\n\n<p>Der Gemeinderat hat einstimmig die von der GUL vorgeschlagenen Vertreter in den Aussch\u00fcssen und Gremien best\u00e4tigt.<br>Fraktionsvorsitzender der GUL-Fraktion bleibt Roland Riedlinger.<br>Ausschuss f\u00fcr Soziales und Verwaltung (ASV): Roland Riedlinger und Gerhard Deutschmann<br>Ausschuss f\u00fcr Technik und Umwelt (ATU): Ibrahim Oguz und Georg Weith<\/p>\n\n\n\n<p>Verwaltungsverband Langenau &#8211; Verbandsversammlung: Roland Riedlinger, Gerhard Deutschmann, Georg Weith<br>Verwaltungsverband Langenau &#8211; Verwaltungsrat: Roland Riedlinger<\/p>\n\n\n\n<p>Aufsichtsrat Gasversorgung Langenau GmbH: Heinrich Buck <br>Aufsichtsrat Stromnetz Langenau GmbH &amp;Co.KG: Heinrich Buck<\/p>\n\n\n\n<p>Beirat f\u00fcr das Altenpflegeheim Sonnenhof: Gerhard Deutschmann<br>Kuratorium der Kinderhaus-Freunde Langenau e. V.: Roalnd Riedlinger<\/p>\n\n\n\n<p>Die Wahl der ehrenamtlichen Stellvertreter der B\u00fcrgermeisterin brachte f\u00fcr die GUL eine positives Ergebnis. Da sich die Fraktionen FWG und CDU nicht einigen konnten, wurde Roland Riedlinger als erster Stellvertreter vorgeschlagen und mit 19 Ja-Stimmen bei 3 Gegenstimmen und einer Enthaltung gew\u00e4hlt.<\/p>\n","protected":false},"excerpt":{"rendered":"<p>Roland Riedlinger ist erster Stellvertreter der B\u00fcrgermeisterin. Der Gemeinderat hat einstimmig die von der GUL vorgeschlagenen Vertreter in den Aussch\u00fcssen und Gremien best\u00e4tigt.Fraktionsvorsitzender der GUL-Fraktion bleibt Roland Riedlinger.Ausschuss f\u00fcr Soziales [&hellip;]<\/p>\n","protected":false},"author":-1,"featured_media":0,"comment_status":"open","ping_status":"open","sticky":false,"template":"","format":"standard","meta":{"footnotes":""},"categories":[1],"tags":[],"class_list":["post-1291","post","type-post","status-publish","format-standard","hentry","category-allgemein"],"_links":{"self":[{"href":"https:\/\/gul-langenau.de\/index.php?rest_route=\/wp\/v2\/posts\/1291","targetHints":{"allow":["GET"]}}],"collection":[{"href":"https:\/\/gul-langenau.de\/index.php?rest_route=\/wp\/v2\/posts"}],"about":[{"href":"https:\/\/gul-langenau.de\/index.php?rest_route=\/wp\/v2\/types\/post"}],"author":[{"embeddable":true,"href":"https:\/\/gul-langenau.de\/index.php?rest_route=\/wp\/v2\/users\/397"}],"replies":[{"embeddable":true,"href":"https:\/\/gul-langenau.de\/index.php?rest_route=%2Fwp%2Fv2%2Fcomments&post=1291"}],"version-history":[{"count":3,"href":"https:\/\/gul-langenau.de\/index.php?rest_route=\/wp\/v2\/posts\/1291\/revisions"}],"predecessor-version":[{"id":1295,"href":"https:\/\/gul-langenau.de\/index.php?rest_route=\/wp\/v2\/posts\/1291\/revisions\/1295"}],"wp:attachment":[{"href":"https:\/\/gul-langenau.de\/index.php?rest_route=%2Fwp%2Fv2%2Fmedia&parent=1291"}],"wp:term":[{"taxonomy":"category","embeddable":true,"href":"https:\/\/gul-langenau.de\/index.php?rest_route=%2Fwp%2Fv2%2Fcategories&post=1291"},{"taxonomy":"post_tag","embeddable":true,"href":"https:\/\/gul-langenau.de\/index.php?rest_route=%2Fwp%2Fv2%2Ftags&post=1291"}],"curies":[{"name":"wp","href":"https:\/\/api.w.org\/{rel}","templated":true}]}}