{"id":1249,"date":"2024-05-26T18:36:59","date_gmt":"2024-05-26T16:36:59","guid":{"rendered":"https:\/\/gul-langenau.de\/?p=1249"},"modified":"2024-05-26T18:39:42","modified_gmt":"2024-05-26T16:39:42","slug":"unsere-aktionen-am-25-05-2024","status":"publish","type":"post","link":"https:\/\/gul-langenau.de\/?p=1249","title":{"rendered":"Unsere Aktionen am Samstag 25.05.2024"},"content":{"rendered":"\n<p class=\"has-medium-font-size\"><strong>Info-Stand und Familienfahrradtour<\/strong><\/p>\n\n\n\n<p><\/p>\n\n\n\n<div class=\"wp-block-media-text has-media-on-the-right is-stacked-on-mobile is-image-fill\" style=\"grid-template-columns:auto 39%\"><div class=\"wp-block-media-text__content\">\n<p>An unserem Info-Stand in der Kirchgasse vor dem ev. Gemeindehaus haben sich ab 8 Uhr einige Kandidaten vorgestellt und \u00fcber unsere Ziele in den n\u00e4chsten Jahren informiert.<\/p>\n\n\n\n<p>Unseren Gemeinder\u00e4ten wurden auch einige kritische Fragen zu den Bauarbeiten f\u00fcr den Fahrradring in der Freistegstrasse und der Kreuzung Angertorstra\u00dfe gestellt. Kritisch wurde auch die langsame Umsetzung von beschlossenen Ma\u00dfnahmen durch die Stadt gesehen.\u00a0 Ein oft ge\u00e4u\u00dferter Wunsch war die Kirchgasse autofrei zu machen<\/p>\n<\/div><figure class=\"wp-block-media-text__media\" style=\"background-image:url(https:\/\/gul-langenau.de\/wp-content\/uploads\/sites\/190\/2024\/05\/20240525_110458-1-rotated.jpg);background-position:50% 50%\"><img loading=\"lazy\" decoding=\"async\" width=\"1008\" height=\"756\" src=\"https:\/\/gul-langenau.de\/wp-content\/uploads\/sites\/190\/2024\/05\/20240525_110458-1-rotated.jpg\" alt=\"\" class=\"wp-image-1252 size-full\" srcset=\"https:\/\/gul-langenau.de\/wp-content\/uploads\/sites\/190\/2024\/05\/20240525_110458-1-rotated.jpg 1008w, https:\/\/gul-langenau.de\/wp-content\/uploads\/sites\/190\/2024\/05\/20240525_110458-1-300x225.jpg 300w, https:\/\/gul-langenau.de\/wp-content\/uploads\/sites\/190\/2024\/05\/20240525_110458-1-768x576.jpg 768w\" sizes=\"auto, (max-width: 1008px) 100vw, 1008px\" \/><\/figure><\/div>\n\n\n\n<p><\/p>\n\n\n\n<div class=\"wp-block-media-text has-media-on-the-right is-stacked-on-mobile\" style=\"grid-template-columns:auto 30%\"><div class=\"wp-block-media-text__content\">\n<p>Die Gemeinderatskandidaten der GUL Anita Laible und Manfred Strobel\u00a0haben wie geplant ab 9 Uhr die Familienfahrradtour\u00a0mit Kindern zum Grimmensee erfolgreich durchgef\u00fchrt.<\/p>\n\n\n\n<p>Der Einladung sind einige Eltern mit ihren Kindern gefolgt.<\/p>\n<\/div><figure class=\"wp-block-media-text__media\"><img loading=\"lazy\" decoding=\"async\" width=\"300\" height=\"400\" src=\"https:\/\/gul-langenau.de\/wp-content\/uploads\/sites\/190\/2024\/05\/IMG-20240525-WA0005.jpg\" alt=\"\" class=\"wp-image-1250 size-full\" srcset=\"https:\/\/gul-langenau.de\/wp-content\/uploads\/sites\/190\/2024\/05\/IMG-20240525-WA0005.jpg 300w, https:\/\/gul-langenau.de\/wp-content\/uploads\/sites\/190\/2024\/05\/IMG-20240525-WA0005-225x300.jpg 225w\" sizes=\"auto, (max-width: 300px) 100vw, 300px\" \/><\/figure><\/div>\n","protected":false},"excerpt":{"rendered":"<p>Info-Stand und Familienfahrradtour An unserem Info-Stand in der Kirchgasse vor dem ev. Gemeindehaus haben sich ab 8 Uhr einige Kandidaten vorgestellt und \u00fcber unsere Ziele in den n\u00e4chsten Jahren informiert. [&hellip;]<\/p>\n","protected":false},"author":-1,"featured_media":0,"comment_status":"open","ping_status":"open","sticky":false,"template":"","format":"standard","meta":{"footnotes":""},"categories":[1],"tags":[],"class_list":["post-1249","post","type-post","status-publish","format-standard","hentry","category-allgemein"],"_links":{"self":[{"href":"https:\/\/gul-langenau.de\/index.php?rest_route=\/wp\/v2\/posts\/1249","targetHints":{"allow":["GET"]}}],"collection":[{"href":"https:\/\/gul-langenau.de\/index.php?rest_route=\/wp\/v2\/posts"}],"about":[{"href":"https:\/\/gul-langenau.de\/index.php?rest_route=\/wp\/v2\/types\/post"}],"author":[{"embeddable":true,"href":"https:\/\/gul-langenau.de\/index.php?rest_route=\/wp\/v2\/users\/397"}],"replies":[{"embeddable":true,"href":"https:\/\/gul-langenau.de\/index.php?rest_route=%2Fwp%2Fv2%2Fcomments&post=1249"}],"version-history":[{"count":2,"href":"https:\/\/gul-langenau.de\/index.php?rest_route=\/wp\/v2\/posts\/1249\/revisions"}],"predecessor-version":[{"id":1255,"href":"https:\/\/gul-langenau.de\/index.php?rest_route=\/wp\/v2\/posts\/1249\/revisions\/1255"}],"wp:attachment":[{"href":"https:\/\/gul-langenau.de\/index.php?rest_route=%2Fwp%2Fv2%2Fmedia&parent=1249"}],"wp:term":[{"taxonomy":"category","embeddable":true,"href":"https:\/\/gul-langenau.de\/index.php?rest_route=%2Fwp%2Fv2%2Fcategories&post=1249"},{"taxonomy":"post_tag","embeddable":true,"href":"https:\/\/gul-langenau.de\/index.php?rest_route=%2Fwp%2Fv2%2Ftags&post=1249"}],"curies":[{"name":"wp","href":"https:\/\/api.w.org\/{rel}","templated":true}]}}